{"id":1,"date":"2020-12-10T23:09:29","date_gmt":"2020-12-10T22:09:29","guid":{"rendered":"https:\/\/llar-infantil.escolagem.cat\/?p=1"},"modified":"2025-10-03T14:26:13","modified_gmt":"2025-10-03T13:26:13","slug":"en-busca-del-tio","status":"publish","type":"post","link":"https:\/\/escolagem.cat\/llar-infantil\/2020\/12\/en-busca-del-tio\/","title":{"rendered":"En busca del ti\u00f3!"},"content":{"rendered":"\n<p class=\"has-drop-cap\">Ja s&#8217;apropa el Nadal, i els nostres infants han comenat a buscar el ti\u00f3. Esperem que el ti\u00f3 valori l&#8217;esfor\u00e7 que hi han dedicat premiant-los amb molts regals, Bon Nadal a tothom! <\/p>\n","protected":false},"excerpt":{"rendered":"<p>Ja s&#8217;apropa el Nadal, i els nostres infants han comenat a buscar el ti\u00f3. Esperem que el ti\u00f3 valori l&#8217;esfor\u00e7 que hi han dedicat premiant-los amb molts regals, Bon Nadal a tothom!<\/p>\n","protected":false},"author":2,"featured_media":77,"comment_status":"closed","ping_status":"open","sticky":false,"template":"","format":"standard","meta":{"footnotes":""},"categories":[1],"tags":[],"class_list":["post-1","post","type-post","status-publish","format-standard","has-post-thumbnail","hentry","category-general"],"featured_image_urls":{"full":["https:\/\/escolagem.cat\/llar-infantil\/wp-content\/uploads\/2020\/12\/infantil2.jpg",1280,881,false],"thumbnail":["https:\/\/escolagem.cat\/llar-infantil\/wp-content\/uploads\/2020\/12\/infantil2-150x150.jpg",150,150,true],"medium":["https:\/\/escolagem.cat\/llar-infantil\/wp-content\/uploads\/2020\/12\/infantil2-300x206.jpg",300,206,true],"medium_large":["https:\/\/escolagem.cat\/llar-infantil\/wp-content\/uploads\/2020\/12\/infantil2-768x529.jpg",768,529,true],"large":["https:\/\/escolagem.cat\/llar-infantil\/wp-content\/uploads\/2020\/12\/infantil2-1024x705.jpg",1024,705,true],"1536x1536":["https:\/\/escolagem.cat\/llar-infantil\/wp-content\/uploads\/2020\/12\/infantil2.jpg",1280,881,false],"2048x2048":["https:\/\/escolagem.cat\/llar-infantil\/wp-content\/uploads\/2020\/12\/infantil2.jpg",1280,881,false],"post-thumbnail":["https:\/\/escolagem.cat\/llar-infantil\/wp-content\/uploads\/2020\/12\/infantil2-1024x705.jpg",1024,705,true],"mesmerize-full-hd":["https:\/\/escolagem.cat\/llar-infantil\/wp-content\/uploads\/2020\/12\/infantil2.jpg",1280,881,false]},"post_excerpt_stackable":"<p>Ja s&#8217;apropa el Nadal, i els nostres infants han comenat a buscar el ti\u00f3. Esperem que el ti\u00f3 valori l&#8217;esfor\u00e7 que hi han dedicat premiant-los amb molts regals, Bon Nadal a tothom!<\/p>\n","category_list":"<a href=\"https:\/\/escolagem.cat\/llar-infantil\/category\/general\/\" rel=\"category tag\">General<\/a>","author_info":{"name":"Escola GEM Infantil","url":"https:\/\/escolagem.cat\/llar-infantil\/author\/gem-infantil\/"},"comments_num":"0 comments","yoast_head":"<!-- This site is optimized with the Yoast SEO plugin v15.7 - https:\/\/yoast.com\/wordpress\/plugins\/seo\/ -->\n<title>En busca del ti\u00f3! - Llar i Infantil GEM<\/title>\n<meta name=\"robots\" content=\"index, follow, max-snippet:-1, max-image-preview:large, max-video-preview:-1\" \/>\n<link rel=\"canonical\" href=\"https:\/\/escolagem.cat\/llar-infantil\/2020\/12\/en-busca-del-tio\/\" \/>\n<meta property=\"og:locale\" content=\"ca_ES\" \/>\n<meta property=\"og:type\" content=\"article\" \/>\n<meta property=\"og:title\" content=\"En busca del ti\u00f3! - Llar i Infantil GEM\" \/>\n<meta property=\"og:description\" content=\"Ja s&#8217;apropa el Nadal, i els nostres infants han comenat a buscar el ti\u00f3. Esperem que el ti\u00f3 valori l&#8217;esfor\u00e7 que hi han dedicat premiant-los amb molts regals, Bon Nadal a tothom!\" \/>\n<meta property=\"og:url\" content=\"https:\/\/escolagem.cat\/llar-infantil\/2020\/12\/en-busca-del-tio\/\" \/>\n<meta property=\"og:site_name\" content=\"Llar i Infantil GEM\" \/>\n<meta property=\"article:published_time\" content=\"2020-12-10T22:09:29+00:00\" \/>\n<meta property=\"article:modified_time\" content=\"2025-10-03T13:26:13+00:00\" \/>\n<meta property=\"og:image\" content=\"https:\/\/escolagem.cat\/llar-infantil\/wp-content\/uploads\/2020\/12\/infantil2.jpg\" \/>\n\t<meta property=\"og:image:width\" content=\"1280\" \/>\n\t<meta property=\"og:image:height\" content=\"881\" \/>\n<meta name=\"twitter:card\" content=\"summary_large_image\" \/>\n<meta name=\"twitter:label1\" content=\"Temps estimat de lectura\">\n\t<meta name=\"twitter:data1\" content=\"1 minut\">\n<script type=\"application\/ld+json\" class=\"yoast-schema-graph\">{\"@context\":\"https:\/\/schema.org\",\"@graph\":[{\"@type\":\"Organization\",\"@id\":\"https:\/\/escolagem.cat\/llar-infantil\/#organization\",\"name\":\"Fundaci\\u00f3 Privada Grup Escoles Matar\\u00f3 (GEM)\",\"url\":\"https:\/\/escolagem.cat\/llar-infantil\/\",\"sameAs\":[],\"logo\":{\"@type\":\"ImageObject\",\"@id\":\"https:\/\/escolagem.cat\/llar-infantil\/#logo\",\"inLanguage\":\"ca\",\"url\":\"https:\/\/escolagem.cat\/llar-infantil\/wp-content\/uploads\/2020\/12\/LogoGem_126x60Transparent-e1608292158936.png\",\"width\":40,\"height\":19,\"caption\":\"Fundaci\\u00f3 Privada Grup Escoles Matar\\u00f3 (GEM)\"},\"image\":{\"@id\":\"https:\/\/escolagem.cat\/llar-infantil\/#logo\"}},{\"@type\":\"WebSite\",\"@id\":\"https:\/\/escolagem.cat\/llar-infantil\/#website\",\"url\":\"https:\/\/escolagem.cat\/llar-infantil\/\",\"name\":\"Llar i Infantil GEM\",\"description\":\"Escola GEM - Llar infants, Infantil, Prim\\u00e0ria, ESO, Batxillerat i Cicles Formatius\",\"publisher\":{\"@id\":\"https:\/\/escolagem.cat\/llar-infantil\/#organization\"},\"potentialAction\":[{\"@type\":\"SearchAction\",\"target\":\"https:\/\/escolagem.cat\/llar-infantil\/?s={search_term_string}\",\"query-input\":\"required name=search_term_string\"}],\"inLanguage\":\"ca\"},{\"@type\":\"ImageObject\",\"@id\":\"https:\/\/escolagem.cat\/llar-infantil\/2020\/12\/en-busca-del-tio\/#primaryimage\",\"inLanguage\":\"ca\",\"url\":\"https:\/\/escolagem.cat\/llar-infantil\/wp-content\/uploads\/2020\/12\/infantil2.jpg\",\"width\":1280,\"height\":881},{\"@type\":\"WebPage\",\"@id\":\"https:\/\/escolagem.cat\/llar-infantil\/2020\/12\/en-busca-del-tio\/#webpage\",\"url\":\"https:\/\/escolagem.cat\/llar-infantil\/2020\/12\/en-busca-del-tio\/\",\"name\":\"En busca del ti\\u00f3! - Llar i Infantil GEM\",\"isPartOf\":{\"@id\":\"https:\/\/escolagem.cat\/llar-infantil\/#website\"},\"primaryImageOfPage\":{\"@id\":\"https:\/\/escolagem.cat\/llar-infantil\/2020\/12\/en-busca-del-tio\/#primaryimage\"},\"datePublished\":\"2020-12-10T22:09:29+00:00\",\"dateModified\":\"2025-10-03T13:26:13+00:00\",\"inLanguage\":\"ca\",\"potentialAction\":[{\"@type\":\"ReadAction\",\"target\":[\"https:\/\/escolagem.cat\/llar-infantil\/2020\/12\/en-busca-del-tio\/\"]}]},{\"@type\":\"Article\",\"@id\":\"https:\/\/escolagem.cat\/llar-infantil\/2020\/12\/en-busca-del-tio\/#article\",\"isPartOf\":{\"@id\":\"https:\/\/escolagem.cat\/llar-infantil\/2020\/12\/en-busca-del-tio\/#webpage\"},\"author\":{\"@id\":\"https:\/\/escolagem.cat\/llar-infantil\/#\/schema\/person\/c210d658cada324429046327cf31a1eb\"},\"headline\":\"En busca del ti\\u00f3!\",\"datePublished\":\"2020-12-10T22:09:29+00:00\",\"dateModified\":\"2025-10-03T13:26:13+00:00\",\"mainEntityOfPage\":{\"@id\":\"https:\/\/escolagem.cat\/llar-infantil\/2020\/12\/en-busca-del-tio\/#webpage\"},\"publisher\":{\"@id\":\"https:\/\/escolagem.cat\/llar-infantil\/#organization\"},\"image\":{\"@id\":\"https:\/\/escolagem.cat\/llar-infantil\/2020\/12\/en-busca-del-tio\/#primaryimage\"},\"articleSection\":\"General\",\"inLanguage\":\"ca\"},{\"@type\":\"Person\",\"@id\":\"https:\/\/escolagem.cat\/llar-infantil\/#\/schema\/person\/c210d658cada324429046327cf31a1eb\",\"name\":\"Escola GEM Infantil\",\"image\":{\"@type\":\"ImageObject\",\"@id\":\"https:\/\/escolagem.cat\/llar-infantil\/#personlogo\",\"inLanguage\":\"ca\",\"url\":\"https:\/\/secure.gravatar.com\/avatar\/aa44a087f289b10c48ab467beac0eff8cc9d210e6ed14cff96b33d98d0fb75f3?s=96&d=mm&r=g\",\"caption\":\"Escola GEM Infantil\"}}]}<\/script>\n<!-- \/ Yoast SEO plugin. -->","_links":{"self":[{"href":"https:\/\/escolagem.cat\/llar-infantil\/wp-json\/wp\/v2\/posts\/1","targetHints":{"allow":["GET"]}}],"collection":[{"href":"https:\/\/escolagem.cat\/llar-infantil\/wp-json\/wp\/v2\/posts"}],"about":[{"href":"https:\/\/escolagem.cat\/llar-infantil\/wp-json\/wp\/v2\/types\/post"}],"author":[{"embeddable":true,"href":"https:\/\/escolagem.cat\/llar-infantil\/wp-json\/wp\/v2\/users\/2"}],"replies":[{"embeddable":true,"href":"https:\/\/escolagem.cat\/llar-infantil\/wp-json\/wp\/v2\/comments?post=1"}],"version-history":[{"count":1,"href":"https:\/\/escolagem.cat\/llar-infantil\/wp-json\/wp\/v2\/posts\/1\/revisions"}],"predecessor-version":[{"id":79,"href":"https:\/\/escolagem.cat\/llar-infantil\/wp-json\/wp\/v2\/posts\/1\/revisions\/79"}],"wp:featuredmedia":[{"embeddable":true,"href":"https:\/\/escolagem.cat\/llar-infantil\/wp-json\/wp\/v2\/media\/77"}],"wp:attachment":[{"href":"https:\/\/escolagem.cat\/llar-infantil\/wp-json\/wp\/v2\/media?parent=1"}],"wp:term":[{"taxonomy":"category","embeddable":true,"href":"https:\/\/escolagem.cat\/llar-infantil\/wp-json\/wp\/v2\/categories?post=1"},{"taxonomy":"post_tag","embeddable":true,"href":"https:\/\/escolagem.cat\/llar-infantil\/wp-json\/wp\/v2\/tags?post=1"}],"curies":[{"name":"wp","href":"https:\/\/api.w.org\/{rel}","templated":true}]}}